{"id":34293,"date":"2021-11-17T14:17:49","date_gmt":"2021-11-17T11:17:49","guid":{"rendered":"https:\/\/thedigitalmarker.com\/?p=34293"},"modified":"2025-07-04T15:13:37","modified_gmt":"2025-07-04T12:13:37","slug":"grafik-tasarim-dijital-mecralara-nasil-uygulanir","status":"publish","type":"post","link":"https:\/\/blog.markergroupe.com\/tr\/grafik-tasarim-dijital-mecralara-nasil-uygulanir\/","title":{"rendered":"Grafik Tasar\u0131m Dijital Mecralara Nas\u0131l Uygulan\u0131r"},"content":{"rendered":"<div id=\"ez-toc-container\" class=\"ez-toc-v2_0_78 counter-hierarchy ez-toc-counter ez-toc-grey ez-toc-container-direction\">\n<div class=\"ez-toc-title-container\">\n<p class=\"ez-toc-title\" style=\"cursor:inherit\">\u0130\u00e7indekiler<\/p>\n<span class=\"ez-toc-title-toggle\"><a href=\"#\" class=\"ez-toc-pull-right ez-toc-btn ez-toc-btn-xs ez-toc-btn-default ez-toc-toggle\" aria-label=\"Toggle Table of Content\"><span class=\"ez-toc-js-icon-con\"><span class=\"\"><span class=\"eztoc-hide\" style=\"display:none;\">Toggle<\/span><span class=\"ez-toc-icon-toggle-span\"><svg style=\"fill: #999;color:#999\" xmlns=\"http:\/\/www.w3.org\/2000\/svg\" class=\"list-377408\" width=\"20px\" height=\"20px\" viewBox=\"0 0 24 24\" fill=\"none\"><path d=\"M6 6H4v2h2V6zm14 0H8v2h12V6zM4 11h2v2H4v-2zm16 0H8v2h12v-2zM4 16h2v2H4v-2zm16 0H8v2h12v-2z\" fill=\"currentColor\"><\/path><\/svg><svg style=\"fill: #999;color:#999\" class=\"arrow-unsorted-368013\" xmlns=\"http:\/\/www.w3.org\/2000\/svg\" width=\"10px\" height=\"10px\" viewBox=\"0 0 24 24\" version=\"1.2\" baseProfile=\"tiny\"><path d=\"M18.2 9.3l-6.2-6.3-6.2 6.3c-.2.2-.3.4-.3.7s.1.5.3.7c.2.2.4.3.7.3h11c.3 0 .5-.1.7-.3.2-.2.3-.5.3-.7s-.1-.5-.3-.7zM5.8 14.7l6.2 6.3 6.2-6.3c.2-.2.3-.5.3-.7s-.1-.5-.3-.7c-.2-.2-.4-.3-.7-.3h-11c-.3 0-.5.1-.7.3-.2.2-.3.5-.3.7s.1.5.3.7z\"\/><\/svg><\/span><\/span><\/span><\/a><\/span><\/div>\n<nav><ul class='ez-toc-list ez-toc-list-level-1 ' ><li class='ez-toc-page-1 ez-toc-heading-level-2'><a class=\"ez-toc-link ez-toc-heading-1\" href=\"https:\/\/blog.markergroupe.com\/tr\/grafik-tasarim-dijital-mecralara-nasil-uygulanir\/#Tipografi_Tasariminizi_Bastan_Yaratir\" >Tipografi Tasar\u0131m\u0131n\u0131z\u0131 Ba\u015ftan Yarat\u0131r<\/a><\/li><li class='ez-toc-page-1 ez-toc-heading-level-2'><a class=\"ez-toc-link ez-toc-heading-2\" href=\"https:\/\/blog.markergroupe.com\/tr\/grafik-tasarim-dijital-mecralara-nasil-uygulanir\/#Karsinizdaki_Goruntu_Gercek\" >Kar\u015f\u0131n\u0131zdaki G\u00f6r\u00fcnt\u00fc Ger\u00e7ek<\/a><\/li><li class='ez-toc-page-1 ez-toc-heading-level-2'><a class=\"ez-toc-link ez-toc-heading-3\" href=\"https:\/\/blog.markergroupe.com\/tr\/grafik-tasarim-dijital-mecralara-nasil-uygulanir\/#Tasariminizdaki_Renkleri_Taniyin\" >Tasar\u0131m\u0131n\u0131zdaki Renkleri Tan\u0131y\u0131n<\/a><\/li><li class='ez-toc-page-1 ez-toc-heading-level-2'><a class=\"ez-toc-link ez-toc-heading-4\" href=\"https:\/\/blog.markergroupe.com\/tr\/grafik-tasarim-dijital-mecralara-nasil-uygulanir\/#Dijital_Yayim_icin_Grafik_tasarim\" >Dijital Yay\u0131m i\u00e7in Grafik tasar\u0131m<\/a><\/li><\/ul><\/nav><\/div>\n<p><strong>Grafik tasar\u0131m, bir mesaj\u0131 iletmek, bir g\u00f6rseli geli\u015ftirmek veya bir d\u00fc\u015f\u00fcnceyi g\u00f6rselle\u015ftirmek i\u00e7in haz\u0131rlanan metin ve g\u00f6rsellerin iki veya \u00fc\u00e7 boyutlu olarak alg\u0131lanabilir bir hale gelmesine yard\u0131mc\u0131 yarat\u0131c\u0131 bir s\u00fcre\u00e7tir.<\/strong><\/p>\n<p>Grafik tasar\u0131m, web siteleri, reklamlar, kitaplar, dergiler, \u00fcr\u00fcn ambalajlar\u0131 gibi \u00e7e\u015fitli \u00fcr\u00fcn ve faaliyetlerin g\u00f6rsel tasar\u0131m\u0131nda kullan\u0131l\u0131r. Photoshop, InDesign ve Illustrator gibi masa\u00fcst\u00fc yay\u0131nc\u0131l\u0131k ara\u00e7lar\u0131na h\u00e2kim oldu\u011funuzda ba\u015far\u0131l\u0131 grafik tasar\u0131mlar ortaya \u00e7\u0131karabilirsiniz. Yarat\u0131c\u0131l\u0131\u011f\u0131n\u0131z\u0131n s\u0131n\u0131rlar\u0131n\u0131 siz belirleyebilir, fikirlerinizi g\u00f6rselle\u015ftirirken markan\u0131z i\u00e7in en uygun ve en iyi olan\u0131 yapaca\u011f\u0131n\u0131z grafik tasar\u0131m \u00e7al\u0131\u015fmalar\u0131 ile sergileyebilirsiniz. Dijital mecralarda grafik tasar\u0131m yapmak istiyorsan\u0131z tasar\u0131m uygulamalar\u0131n\u0131 kullanabilirsiniz.<\/p>\n<h2><span class=\"ez-toc-section\" id=\"Tipografi_Tasariminizi_Bastan_Yaratir\"><\/span>Tipografi Tasar\u0131m\u0131n\u0131z\u0131 Ba\u015ftan Yarat\u0131r<span class=\"ez-toc-section-end\"><\/span><\/h2>\n<p>Tipografi, harf ve semboller ile yarat\u0131lan g\u00f6rsel tasar\u0131mlard\u0131r. Yaz\u0131lar\u0131 boyut, font ve ba\u015fl\u0131klar\u0131 bak\u0131m\u0131ndan d\u00fczenleme sanat\u0131d\u0131r. Tipografi, grafik tasar\u0131m\u0131n \u00f6nemli bir yap\u0131 ta\u015f\u0131d\u0131r. \u00c7o\u011fu tasar\u0131m g\u00fczel bir tipografi \u00f6l\u00e7e\u011fine sahiptir ancak anlaml\u0131 bir metin, \u00e7arp\u0131c\u0131 ba\u015fl\u0131klar, uyumlu renkler ve di\u011fer \u00f6zel detaylarla daha anlaml\u0131 olur.<\/p>\n<h2><span class=\"ez-toc-section\" id=\"Karsinizdaki_Goruntu_Gercek\"><\/span>Kar\u015f\u0131n\u0131zdaki G\u00f6r\u00fcnt\u00fc Ger\u00e7ek<span class=\"ez-toc-section-end\"><\/span><\/h2>\n<p>G\u00f6r\u00fcnt\u00fcler, kullanmak istedi\u011finiz yaz\u0131 tipleri ve renkler i\u00e7in ilham sa\u011flayabilir.\u00a0\u00a0Photoshop\u2019u ve vekt\u00f6r grafiklerini kullanarak grafik tasar\u0131mlar\u0131n\u0131zda g\u00f6r\u00fcnt\u00fcleri detayl\u0131ca kullanabilir ve logolar, \u015fekiller i\u00e7in \u00f6zel \u00e7al\u0131\u015fmalar yapabilirsiniz. Vekt\u00f6r grafikleri ayn\u0131 zamanda \u00e7al\u0131\u015fmalar\u0131n\u0131zda \u00f6l\u00e7eklenebilir bir etki sa\u011flayacakt\u0131r. Illustrator program\u0131n\u0131 kullanarak \u00e7arp\u0131c\u0131 vekt\u00f6rel tasar\u0131mlar yapabilirsiniz.<\/p>\n<h2><span class=\"ez-toc-section\" id=\"Tasariminizdaki_Renkleri_Taniyin\"><\/span><img loading=\"lazy\" decoding=\"async\" class=\"alignnone size-full wp-image-34315\" title=\"Grafik Tasar\u0131m Dijital Mecralara\" src=\"https:\/\/blog.markergroupe.com\/wp-content\/uploads\/2021\/11\/Grafik-Tasarim-Dijital-Mecralara.jpg\" alt=\"Grafik-Tasarim-Dijital-Mecralara\" width=\"1500\" height=\"600\" \/>Tasar\u0131m\u0131n\u0131zdaki Renkleri Tan\u0131y\u0131n<span class=\"ez-toc-section-end\"><\/span><\/h2>\n<p>Grafik tasar\u0131mlarda renkler g\u00f6ze \u00e7arpan ilk detaylar ve grafik tasar\u0131m\u0131n \u00f6nemli bir arac\u0131d\u0131r. Tasar\u0131mlar\u0131n\u0131zda teknik d\u00fczeyde rengi nas\u0131l ayarlayaca\u011f\u0131n\u0131z konusunda da iyi bir g\u00f6ze sahip olmak \u00f6nemlidir. \u00d6rne\u011fin yeni ba\u015flayan biri RGB ve CMYK renkleri aras\u0131ndaki fark\u0131 bilmelidir. Adobe Color CC uygulamas\u0131, renk kombinasyonlar\u0131n\u0131 denemenize ve do\u011frudan Photoshop, Indesign, Illustator\u2019de kullanabilece\u011finiz benzersiz paletler olu\u015fturman\u0131za olanak tan\u0131r.<\/p>\n<h2><span class=\"ez-toc-section\" id=\"Dijital_Yayim_icin_Grafik_tasarim\"><\/span>Dijital Yay\u0131m i\u00e7in Grafik tasar\u0131m<span class=\"ez-toc-section-end\"><\/span><\/h2>\n<p>Grafik tasar\u0131m i\u015fletmeler i\u00e7in dijital pazarlama d\u00fcnyas\u0131nda pek \u00e7ok imk\u00e2n sunar. G\u00fc\u00e7l\u00fc marka kimli\u011fi olu\u015ftururken potansiyel m\u00fc\u015fterilerle sa\u011fl\u0131kl\u0131 bir etkile\u015fim kurma f\u0131rsat\u0131 verir. Kurumsal kimlik tasar\u0131m\u0131, reklam tasar\u0131m\u0131, banner tasar\u0131m\u0131, web sitesi ve sosyal medya tasar\u0131m\u0131 gibi alanlarda grafik tasar\u0131m kullanmak i\u015fletmelere olumlu bir imaj sa\u011flayacakt\u0131r. Bu s\u00fcre\u00e7lerde kullan\u0131lan grafik tasar\u0131m ile, i\u015fletmeler geni\u015f hedef kitleye ula\u015fma, marka kimli\u011fini g\u00fc\u00e7lendirme, daha \u00e7ok sat\u0131\u015f yapma, m\u00fc\u015fteri memnuniyeti sa\u011flama gibi i\u015fletmelere hedef kitleye ula\u015fma imk\u00e2n\u0131 tan\u0131r.<\/p>\n<p>Google\u2019\u0131n reklam servisi olan Ads reklamlar\u0131,\u00a0i\u015fletmeleri m\u00fc\u015fterilerinin \u00f6n\u00fcne \u00e7\u0131karma konusunda ba\u015far\u0131l\u0131 sonu\u00e7 verir. Grafik tasar\u0131m\u0131 ilgilendiren en \u00f6nemli Google reklam t\u00fcr\u00fc ise G\u00f6r\u00fcnt\u00fcl\u00fc Reklam A\u011f\u0131\u2019d\u0131r. G\u00f6r\u00fcnt\u00fcl\u00fc reklamlar, gmail ve youtube gibi Google\u2019\u0131n hizmetlerinde ve \u00e7e\u015fitli internet sitelerinde kar\u015f\u0131m\u0131za \u00e7\u0131kan bir reklam bi\u00e7imidir. Bu reklamlardaki grafik tasar\u0131m ba\u015far\u0131s\u0131, hedef kitlenin i\u015fletme ile olan ili\u015fkisini olumlu anlamda etkileme g\u00fcc\u00fcne sahiptir.<\/p>\n<p>Grafik tasar\u0131m yaparken kullan\u0131c\u0131 odakl\u0131 olun, hedef kitlenize y\u00f6nelik tasar\u0131mlarla ilerleyin. Potansiyel m\u00fc\u015fterilerinize \u00f6zg\u00fcn marka imaj\u0131 \u00e7izmenize yard\u0131mc\u0131 olur.<\/p>\n<p><em>Marker Groupe&#8217;un sa\u011flad\u0131\u011f\u0131 hizmetler hakk\u0131nda bilgi edinmek i\u00e7in bizimle <a href=\"https:\/\/www.markergroupe.com\/iletisim\">MarkerGroupe.com<\/a> web sitesi \u00fczerinden veya<span style=\"color: #ffcc00;\"> hello@markergroupe.com<\/span> e-mail adresi \u00fczerinden ileti\u015fime ge\u00e7ebilirsiniz.<\/em><\/p>\n","protected":false},"excerpt":{"rendered":"<p>Grafik tasar\u0131m, bir mesaj\u0131 iletmek, bir g\u00f6rseli geli\u015ftirmek veya bir d\u00fc\u015f\u00fcnceyi g\u00f6rselle\u015ftirmek i\u00e7in haz\u0131rlanan metin ve g\u00f6rsellerin iki veya \u00fc\u00e7 boyutlu olarak alg\u0131lanabilir bir hale gelmesine yard\u0131mc\u0131 yarat\u0131c\u0131 bir s\u00fcre\u00e7tir. Grafik tasar\u0131m, web siteleri, reklamlar, kitaplar, dergiler, \u00fcr\u00fcn ambalajlar\u0131 gibi \u00e7e\u015fitli \u00fcr\u00fcn ve faaliyetlerin g\u00f6rsel tasar\u0131m\u0131nda kullan\u0131l\u0131r. Photoshop, InDesign ve Illustrator gibi masa\u00fcst\u00fc yay\u0131nc\u0131l\u0131k ara\u00e7lar\u0131na [&hellip;]<\/p>\n","protected":false},"author":1,"featured_media":35677,"comment_status":"closed","ping_status":"open","sticky":false,"template":"","format":"standard","meta":{"_gspb_post_css":"","footnotes":""},"categories":[638,1505],"tags":[1535,1391],"class_list":["post-34293","post","type-post","status-publish","format-standard","has-post-thumbnail","hentry","category-blog-tr","category-dijital-medya","tag-grafik-tasarim","tag-marker-creative"],"blocksy_meta":[],"_links":{"self":[{"href":"https:\/\/blog.markergroupe.com\/tr\/wp-json\/wp\/v2\/posts\/34293","targetHints":{"allow":["GET"]}}],"collection":[{"href":"https:\/\/blog.markergroupe.com\/tr\/wp-json\/wp\/v2\/posts"}],"about":[{"href":"https:\/\/blog.markergroupe.com\/tr\/wp-json\/wp\/v2\/types\/post"}],"author":[{"embeddable":true,"href":"https:\/\/blog.markergroupe.com\/tr\/wp-json\/wp\/v2\/users\/1"}],"replies":[{"embeddable":true,"href":"https:\/\/blog.markergroupe.com\/tr\/wp-json\/wp\/v2\/comments?post=34293"}],"version-history":[{"count":0,"href":"https:\/\/blog.markergroupe.com\/tr\/wp-json\/wp\/v2\/posts\/34293\/revisions"}],"wp:featuredmedia":[{"embeddable":true,"href":"https:\/\/blog.markergroupe.com\/tr\/wp-json\/wp\/v2\/media\/35677"}],"wp:attachment":[{"href":"https:\/\/blog.markergroupe.com\/tr\/wp-json\/wp\/v2\/media?parent=34293"}],"wp:term":[{"taxonomy":"category","embeddable":true,"href":"https:\/\/blog.markergroupe.com\/tr\/wp-json\/wp\/v2\/categories?post=34293"},{"taxonomy":"post_tag","embeddable":true,"href":"https:\/\/blog.markergroupe.com\/tr\/wp-json\/wp\/v2\/tags?post=34293"}],"curies":[{"name":"wp","href":"https:\/\/api.w.org\/{rel}","templated":true}]}}